{"id":279,"date":"2025-10-20T19:17:00","date_gmt":"2025-10-20T17:17:00","guid":{"rendered":"http:\/\/tdi_126_22e"},"modified":"2025-10-21T15:32:15","modified_gmt":"2025-10-21T13:32:15","slug":"eminem-stronger-than-i-was","status":"publish","type":"post","link":"https:\/\/en.13emregion.com\/index.php\/2025\/10\/20\/eminem-stronger-than-i-was\/","title":{"rendered":"Sixty Days to Change the Face of the Maghreb: Washington Tests the Impossible Reconciliation Between Morocco and Algeria"},"content":{"rendered":"\n<p class=\"wp-block-paragraph\" style=\"max-width:600px\">As the Middle East\u2019s political map shifts with dizzying speed,&nbsp;<strong>Steve Witkoff<\/strong>, envoy of former U.S. President&nbsp;<strong>Donald Trump<\/strong>, appeared alongside&nbsp;<strong>Jared Kushner<\/strong>&nbsp;on&nbsp;<em>CBS<\/em>&nbsp;with a bold declaration:&nbsp;<strong>a peace agreement between Morocco and Algeria within sixty days<\/strong>.<\/p>\n\n\n\n<figure class=\"wp-block-embed is-type-rich is-provider-twitter wp-block-embed-twitter\"><div class=\"wp-block-embed__wrapper\">\n<blockquote class=\"twitter-tweet\" data-width=\"550\" data-dnt=\"true\"><p lang=\"fr\" dir=\"ltr\">\ud83c\uddfa\ud83c\uddf8\ud83c\uddf2\ud83c\udde6\ud83c\udde9\ud83c\uddff<a href=\"https:\/\/twitter.com\/hashtag\/FLASH?src=hash&amp;ref_src=twsrc%5Etfw\">#FLASH<\/a>| Steve Witkoff et Jared Kushner annoncent un accord de paix imminent entre le Maroc et l&#39;Alg\u00e9rie.<br><br>L&#39;envoy\u00e9 sp\u00e9cial de Trump au Moyen-Orient, Steve Witkoff, d\u00e9clare que son \u00ab \u00e9quipe travaille sur un accord de paix entre le Maroc et l&#39;Alg\u00e9rie en ce moment. Il y aura\u2026 <a href=\"https:\/\/t.co\/KK2B9p9iqz\">pic.twitter.com\/KK2B9p9iqz<\/a><\/p>&mdash; Morocco Intel (@MoroccoIntel) <a href=\"https:\/\/twitter.com\/MoroccoIntel\/status\/1980109968624787919?ref_src=twsrc%5Etfw\">October 20, 2025<\/a><\/blockquote><script async src=\"https:\/\/platform.twitter.com\/widgets.js\" charset=\"utf-8\"><\/script>\n<\/div><\/figure>\n\n\n\n<p class=\"wp-block-paragraph\">Is this another remnant of Trump-era transactional diplomacy, or a signal of a deeper U.S. strategic redesign in North Africa?<\/p>\n\n\n\n<p class=\"wp-block-paragraph\">The timing is far from random. Coming on the heels of the Gaza ceasefire, Witkoff\u2019s phrase \u2014 \u201cpeace has become contagious\u201d \u2014 carries more than rhetorical flair. Could peace truly spread across a region long defined by division?<\/p>\n\n\n\n<p class=\"wp-block-paragraph\">It marks a new phase where relations are reshaped amid shifting regional equations, as&nbsp;<strong>Washington<\/strong>&nbsp;seeks to consolidate its presence in a space traditionally considered&nbsp;<strong>European, even French, in influence<\/strong>.<\/p>\n\n\n\n<p class=\"wp-block-paragraph\">This statement also coincides with an important UN moment:&nbsp;<strong>the upcoming U.S.-drafted resolution on the Moroccan Sahara<\/strong>, expected at the end of October and described as \u201cthe boldest in four decades.\u201d<\/p>\n\n\n\n<p class=\"wp-block-paragraph\">The draft sets a&nbsp;<strong>clear deadline \u2014 January 2026<\/strong>&nbsp;\u2014 to reach a final political settlement based on&nbsp;<strong>Morocco\u2019s autonomy plan<\/strong>, deemed the most realistic and credible option, while maintaining the principle of self-determination in a formula balancing international law and pragmatic diplomacy. The&nbsp;<strong>sixty-day timeframe<\/strong>&nbsp;evoked by Witkoff thus echoes the&nbsp;<strong>UN\u2019s own clock<\/strong>&nbsp;\u2014 signaling synchronized diplomacy rather than coincidence.<\/p>\n\n\n\n<p class=\"wp-block-paragraph\">In this sense, the United States is not merely mediating; it is&nbsp;<strong>engineering a new regional balance<\/strong>.When senior presidential adviser&nbsp;<strong>Mossad Boulos<\/strong>, speaking from Sharm El-Sheikh, affirmed that Washington would soon open a&nbsp;<strong>consulate in the Moroccan Sahara<\/strong>, insisting \u201cthis is Moroccan Sahara,\u201d the message was clear: ambiguity is no longer American policy.<\/p>\n\n\n\n<p class=\"wp-block-paragraph\">This U.S. stance aligns with&nbsp;<strong>France and the United Kingdom<\/strong>, both backing Morocco\u2019s autonomy proposal as the most credible basis for peace.&nbsp;<strong>Spain<\/strong>, meanwhile, walks a tightrope \u2014 publicly supporting Rabat since 2022 while cautiously managing tensions with Algiers.<\/p>\n\n\n\n<p class=\"wp-block-paragraph\">A&nbsp;<strong>new Euro-Mediterranean equation<\/strong>&nbsp;is emerging: pragmatic, yet unmistakably&nbsp;<strong>American-led<\/strong>.<\/p>\n\n\n\n<p class=\"wp-block-paragraph\">Behind these movements lies a broader question: is Trump, through his network, seeking to&nbsp;<strong>reassert his diplomatic legacy in the Maghreb<\/strong>?<\/p>\n\n\n\n<p class=\"wp-block-paragraph\">The issue transcends geopolitics, touching on a&nbsp;<strong>regional desire to redefine \u201cde-escalation\u201d itself<\/strong>. Since diplomatic ties were cut in 2021, silence has prevailed between Rabat and Algiers. Yet Witkoff\u2019s references to&nbsp;<strong>back-channel diplomacy<\/strong>&nbsp;hint at quiet efforts toward normalization. But what kind of reconciliation might this be \u2014 genuine healing or&nbsp;<strong>a managed d\u00e9tente under U.S. oversight<\/strong>?<\/p>\n\n\n\n<p class=\"wp-block-paragraph\">Some may see this as a&nbsp;<strong>Maghrebi version of the Abraham Accords<\/strong>, minus Israel. The difference is profound: this time, it concerns&nbsp;<strong>two neighboring nations bound by geography and divided by memory<\/strong>.<\/p>\n\n\n\n<p class=\"wp-block-paragraph\">Hence the essential questions: Can peace be decreed, or must it be built? Can Washington impose its strategic logic on a conflict rooted in history rather than politics?<\/p>\n\n\n\n<p class=\"wp-block-paragraph\">And could the Moroccan Sahara become not a zone of dispute, but&nbsp;<strong>the seed of a new Maghreb balance<\/strong>?<\/p>\n\n\n\n<p class=\"wp-block-paragraph\">Between Witkoff\u2019s optimism, Boulos\u2019s affirmations, and the upcoming Security Council vote, the region stands at a crossroads:&nbsp;<strong>either the dawn of genuine reconciliation<\/strong>, or&nbsp;<strong>another chapter of marketable peace \u00e0 la America<\/strong>.<\/p>\n\n\n\n<p class=\"wp-block-paragraph\" style=\"max-width:600px\">In either case, the enduring question remains:&nbsp;<strong>who will shape the Maghreb\u2019s future \u2014 geography or geopolitics?<\/strong><\/p>\n","protected":false},"excerpt":{"rendered":"<p>As the Middle East\u2019s political map shifts with dizzying speed,&nbsp;Steve Witkoff, envoy of former U.S. President&nbsp;Donald Trump, appeared alongside&nbsp;Jared Kushner&nbsp;on&nbsp;CBS&nbsp;with a bold declaration:&nbsp;a peace agreement between Morocco and Algeria within sixty days. Is this another remnant of Trump-era transactional diplomacy, or a signal of a deeper U.S. strategic redesign in North Africa? The timing is [&hellip;]<\/p>\n","protected":false},"author":2,"featured_media":330,"comment_status":"open","ping_status":"open","sticky":false,"template":"","format":"standard","meta":{"footnotes":""},"categories":[3,14],"tags":[],"class_list":["post-279","post","type-post","status-publish","format-standard","has-post-thumbnail","category-architecture","category-music"],"_links":{"self":[{"href":"https:\/\/en.13emregion.com\/index.php\/wp-json\/wp\/v2\/posts\/279","targetHints":{"allow":["GET"]}}],"collection":[{"href":"https:\/\/en.13emregion.com\/index.php\/wp-json\/wp\/v2\/posts"}],"about":[{"href":"https:\/\/en.13emregion.com\/index.php\/wp-json\/wp\/v2\/types\/post"}],"author":[{"embeddable":true,"href":"https:\/\/en.13emregion.com\/index.php\/wp-json\/wp\/v2\/users\/2"}],"replies":[{"embeddable":true,"href":"https:\/\/en.13emregion.com\/index.php\/wp-json\/wp\/v2\/comments?post=279"}],"version-history":[{"count":2,"href":"https:\/\/en.13emregion.com\/index.php\/wp-json\/wp\/v2\/posts\/279\/revisions"}],"predecessor-version":[{"id":331,"href":"https:\/\/en.13emregion.com\/index.php\/wp-json\/wp\/v2\/posts\/279\/revisions\/331"}],"wp:featuredmedia":[{"embeddable":true,"href":"https:\/\/en.13emregion.com\/index.php\/wp-json\/wp\/v2\/media\/330"}],"wp:attachment":[{"href":"https:\/\/en.13emregion.com\/index.php\/wp-json\/wp\/v2\/media?parent=279"}],"wp:term":[{"taxonomy":"category","embeddable":true,"href":"https:\/\/en.13emregion.com\/index.php\/wp-json\/wp\/v2\/categories?post=279"},{"taxonomy":"post_tag","embeddable":true,"href":"https:\/\/en.13emregion.com\/index.php\/wp-json\/wp\/v2\/tags?post=279"}],"curies":[{"name":"wp","href":"https:\/\/api.w.org\/{rel}","templated":true}]}}